{"id":17051,"date":"2024-07-25T12:47:30","date_gmt":"2024-07-25T10:47:30","guid":{"rendered":"http:\/\/bcwd260.bookerclub.com\/paseo-de-gracia\/"},"modified":"2024-08-26T11:54:01","modified_gmt":"2024-08-26T09:54:01","slug":"paseo-de-gracia","status":"publish","type":"post","link":"https:\/\/www.mayerlingbisbeurquinaona.com\/fr\/paseo-de-gracia\/","title":{"rendered":"Paseo de Gracia"},"content":{"rendered":"\n<p>Le Passeig de Gr\u00e0cia, qui relie le quartier embl\u00e9matique de Gr\u00e0cia \u00e0 la Pla\u00e7a Catalunya, est la principale avenue commer\u00e7ante de Barcelone.<br>Vitrine de la puissante bourgeoisie barcelonaise de la fin du XIXe si\u00e8cle, ce boulevard \u00e9l\u00e9gant et majestueux abrite certains des plus beaux b\u00e2timents modernistes de Barcelone, tels que La Pedrera, Casa Batll\u00f3, Casa Amatller et Casa Lle\u00f3 Morera, entre autres.<\/p>\n\n\n\n<p>Bien qu&#8217;il soit toujours agr\u00e9able de s&#8217;y promener, nous pouvons dire que le parcours de cette promenade commence g\u00e9n\u00e9ralement par la Casa Bonaventura Ferrer, un b\u00e2timent moderniste, et le Palau Robert, qui abrite d&#8217;int\u00e9ressantes expositions, pour ensuite observer les vitrines de certains des magasins les plus luxueux de Barcelone jusqu&#8217;\u00e0 la spectaculaire fa\u00e7ade de La Pedrera (Casa Mil\u00e0), dont nous parlerons dans le point suivant.<br>\u00c0 mi-chemin de la promenade, vous tomberez sur un v\u00e9ritable joyau de l&#8217;architecture mondiale, connu sous le nom de Manzana de la discordia, compos\u00e9 des fa\u00e7ades modernistes des b\u00e2timents Casa Batll\u00f3, Casa Amatller, Casa Josefina Bonet, Casa Mulleras et Casa Lle\u00f3 Morera.<\/p>\n","protected":false},"excerpt":{"rendered":"<p>Le Passeig de Gr\u00e0cia, qui relie le quartier embl\u00e9matique de Gr\u00e0cia \u00e0 la Pla\u00e7a Catalunya, est la principale avenue commer\u00e7ante de Barcelone.Vitrine de la puissante bourgeoisie barcelonaise de la fin&#8230;<\/p>\n","protected":false},"author":4,"featured_media":17012,"comment_status":"closed","ping_status":"open","sticky":false,"template":"","format":"standard","meta":{"footnotes":""},"categories":[128],"tags":[],"class_list":{"0":"post-17051","1":"post","2":"type-post","3":"status-publish","4":"format-standard","5":"has-post-thumbnail","7":"category-blog-mayerling-bisbe-urquinaona-barcelona-fr"},"_links":{"self":[{"href":"https:\/\/www.mayerlingbisbeurquinaona.com\/fr\/wp-json\/wp\/v2\/posts\/17051","targetHints":{"allow":["GET"]}}],"collection":[{"href":"https:\/\/www.mayerlingbisbeurquinaona.com\/fr\/wp-json\/wp\/v2\/posts"}],"about":[{"href":"https:\/\/www.mayerlingbisbeurquinaona.com\/fr\/wp-json\/wp\/v2\/types\/post"}],"author":[{"embeddable":true,"href":"https:\/\/www.mayerlingbisbeurquinaona.com\/fr\/wp-json\/wp\/v2\/users\/4"}],"replies":[{"embeddable":true,"href":"https:\/\/www.mayerlingbisbeurquinaona.com\/fr\/wp-json\/wp\/v2\/comments?post=17051"}],"version-history":[{"count":1,"href":"https:\/\/www.mayerlingbisbeurquinaona.com\/fr\/wp-json\/wp\/v2\/posts\/17051\/revisions"}],"predecessor-version":[{"id":17052,"href":"https:\/\/www.mayerlingbisbeurquinaona.com\/fr\/wp-json\/wp\/v2\/posts\/17051\/revisions\/17052"}],"wp:featuredmedia":[{"embeddable":true,"href":"https:\/\/www.mayerlingbisbeurquinaona.com\/fr\/wp-json\/wp\/v2\/media\/17012"}],"wp:attachment":[{"href":"https:\/\/www.mayerlingbisbeurquinaona.com\/fr\/wp-json\/wp\/v2\/media?parent=17051"}],"wp:term":[{"taxonomy":"category","embeddable":true,"href":"https:\/\/www.mayerlingbisbeurquinaona.com\/fr\/wp-json\/wp\/v2\/categories?post=17051"},{"taxonomy":"post_tag","embeddable":true,"href":"https:\/\/www.mayerlingbisbeurquinaona.com\/fr\/wp-json\/wp\/v2\/tags?post=17051"}],"curies":[{"name":"wp","href":"https:\/\/api.w.org\/{rel}","templated":true}]}}